{"id":8504,"date":"2025-07-16T18:08:56","date_gmt":"2025-07-16T16:08:56","guid":{"rendered":"https:\/\/www.drmotte.de\/techno\/?p=8504"},"modified":"2025-07-16T18:48:52","modified_gmt":"2025-07-16T16:48:52","slug":"friedlich-sicher-politisch-stark-rave-the-planet-2025","status":"publish","type":"post","link":"https:\/\/www.drmotte.de\/techno\/friedlich-sicher-politisch-stark-rave-the-planet-2025\/","title":{"rendered":"Friedlich. Sicher. Politisch stark: Rave The Planet 2025"},"content":{"rendered":"\n<h4 class=\"wp-block-heading has-background-color has-foreground-background-color has-text-color has-background has-link-color has-medium-font-size wp-elements-3f31318db5d4ed3726b5e43183b1a177\"><a href=\"https:\/\/www.ravetheplanet.com\/pm-parade-2025\/\" target=\"_blank\" rel=\"noreferrer noopener\">Pressemitteilung<\/a> \/ <a href=\"https:\/\/www.ravetheplanet.com\/en\/press-release-parade-2025\/\" target=\"_blank\" rel=\"noreferrer noopener\">Read Press Release here<\/a><br><br><strong>Berlin, 14. Juli 2025 \u2013 Am 12. Juli 2025 versammelten sich trotz wechselhafter Witterung \u00fcber 200.000 Menschen auf der Demonstration \u201e<a href=\"https:\/\/www.ravetheplanet.com\/pm-parade-2025\/\" target=\"_blank\" rel=\"noreferrer noopener\">Rave The Planet Parade<\/a> \u2013 Our Future Is Now\u201c, um in sehr schwierigen Zeiten lautstark und tanzend f\u00fcr Frieden, kulturelle Freiheit und eine positive gesellschaftliche Ver\u00e4nderung einzustehen.<\/strong><\/h4>\n\n\n\n<h2 class=\"wp-block-heading has-foreground-color has-background-background-color has-text-color has-background has-link-color has-large-font-size wp-elements-ac3d8ac6c55fba1c264986ab35383d0f\" style=\"padding-top:var(--wp--preset--spacing--30);padding-right:0;padding-bottom:var(--wp--preset--spacing--30);padding-left:0\">Auftakt mit Haltung: Er\u00f6ffnungsreden setzen starke politische Signale<\/h2>\n\n\n\n<p class=\"has-background-color has-foreground-background-color has-text-color has-background has-link-color has-medium-font-size wp-elements-5a7f7bf71c60c09962604f2eb0f2baf7\">Die <a href=\"https:\/\/www.ravetheplanet.com\/pm-parade-2025\/\" target=\"_blank\" rel=\"noreferrer noopener\"><strong>Rave The Planet Parade 2025<\/strong><\/a> wurde am Samstag feierlich er\u00f6ffnet mit einer Begr\u00fc\u00dfung durch <a href=\"https:\/\/www.drmotte.de\/techno\" target=\"_blank\" rel=\"noreferrer noopener\"><strong>Dr. Motte<\/strong><\/a>, Mitgr\u00fcnder der Loveparade, der den Grund der Demonstration erkl\u00e4rte und das Motto \u201eOur Future Is Now!\u201c in den Mittelpunkt stellte.<br><br>In seiner kraftvollen Er\u00f6ffnungsrede betonte Marcel Weber (Club Commission Berlin), dass Clubkultur ein essenzieller Teil von Demokratie sei \u2013 als Ort des Widerstands, der Vielfalt und des Zusammenhalts. Seine Forderungen reichten von Kulturschutzgebieten, \u00fcber mehr politische und finanzielle F\u00f6rderung f\u00fcr Clubs und Open-Airs, bis hin zur Anerkennung von Neurodiversit\u00e4t, Inklusion, Gleichberechtigung und dem Schutz queerer Leben.<br><br>Die gesamte Auftaktkundgebung wurde per Livestream auf alle 35 Floats und entlang der gesamten Demostrecke \u00fcbertragen. Direkt im Anschluss erklang die diesj\u00e4hrige Hymne \u201eOur Future Is Now\u201c, von Dr. Motte und Mark van Linden, und p\u00fcnktlich um 14:00 Uhr setzte sich der Demonstrationszug zwischen Brandenburger Tor und Gro\u00dfer Stern in Bewegung. <br><\/p>\n\n\n\n<h2 class=\"wp-block-heading has-foreground-color has-background-background-color has-text-color has-background has-link-color has-large-font-size wp-elements-942ed75a818525fd89b672af8dbe7373\" style=\"padding-top:var(--wp--preset--spacing--20);padding-right:var(--wp--preset--spacing--20);padding-bottom:var(--wp--preset--spacing--20);padding-left:var(--wp--preset--spacing--20)\">Musik und Redebeitr\u00e4ge transportieren Botschaften mit Vielfalt und Tiefe<\/h2>\n\n\n\n<p class=\"has-background-color has-foreground-background-color has-text-color has-background has-link-color wp-elements-46bba074afd3009b018ac92d88519b26\">Auf den 35 Floats sorgten rund 290 DJs und 56 Speaker*innen mit ihren Sets und Redebeitr\u00e4gen f\u00fcr eine mitrei\u00dfende, vielseitige Auseinandersetzung mit dem Motto \u2013 emotional, politisch, empowernd.<br><br>Das musikalische Spektrum reichte von internationalen Schwergewichten bis zu aufstrebenden Newcomer*innen und spiegelte dabei die kulturelle Vielfalt und Offenheit der Szene wider.<br><br>Auch renommierte Festivals, Event-Kurator*innen, Clubinstitutionen und europ\u00e4ische Veranstaltungsformate wie <strong>Verknipt<\/strong> (NL), <strong>Open Beatz<\/strong>, <strong>Technopia<\/strong> (BE), <strong>Docklands<\/strong> \/ <strong>Fusion<\/strong> \/ <strong>The Island<\/strong>, <strong>Club OST<\/strong> oder <strong>The Bootcamp Goa<\/strong> (IN) &amp; <strong>Trendw\u00e6nde<\/strong> (AT) gestalteten das Programm auf ihren eigenen Floats.<br><br>Besondere Aufmerksamkeit erhielten zudem Floats, die soziale und politische Anliegen sichtbar machten: So brachte der \u201eKids Rave-Float\u201c junge Talente unter 18 Jahren aus aller Welt auf die B\u00fchne, w\u00e4hrend Projekte wie Melodienschmiede e.V. und OBSN e.V. aktiv Jugendf\u00f6rderung und Inklusion in der elektronischen Musikkultur vorlebten. Auch die Berliner Kollktive Buschtanz x Operator x Schm\u00e6kt, das Mauerpark-Live-Kommando und viele weitere setzten klare inhaltliche Zeichen \u2013 musikalisch und gesellschaftlich.<br><br>Die Vielfalt an Sounds, Sprachen und Perspektiven machte deutlich: Techno ist mehr als Musik \u2013 es ist Haltung. Und die wurde auf dieser Parade h\u00f6r- und sp\u00fcrbar. <br><br>Weiterlesen unter <a href=\"https:\/\/www.ravetheplanet.com\/pm-parade-2025\/\" target=\"_blank\" rel=\"noreferrer noopener\"><strong>www.ravetheplanet.com <\/strong><\/a><br><\/p>\n\n\n\n<p><\/p>\n","protected":false},"excerpt":{"rendered":"<p>Berlin, 14. Juli 2025 \u2013 Am 12. Juli 2025 versammelten sich trotz wechselhafter Witterung \u00fcber 200.000 Menschen auf der Demonstration \u201eRave The Planet Parade \u2013 Our Future Is Now\u201c, um in sehr schwierigen Zeiten lautstark und tanzend f\u00fcr Frieden, kulturelle Freiheit und eine positive gesellschaftliche Ver\u00e4nderung einzustehen.<\/p>\n","protected":false},"author":1,"featured_media":8532,"comment_status":"closed","ping_status":"open","sticky":false,"template":"","format":"standard","meta":{"iawp_total_views":3,"footnotes":""},"categories":[4,1,5,12,3969,3734],"tags":[4072,34,4073,4075,7,249,4074,3850,3978],"class_list":["post-8504","post","type-post","status-publish","format-standard","has-post-thumbnail","hentry","category-dr-motte","category-events","category-music","category-news","category-rave-the-planet","category-techno","tag-4072","tag-berlin","tag-club-commission-berlin","tag-clubkultur","tag-dr-motte","tag-loveparade","tag-marcel-weber","tag-rave-the-planet","tag-rave-the-planet-parade"],"yoast_head":"<!-- This site is optimized with the Yoast SEO plugin v27.5 - https:\/\/yoast.com\/product\/yoast-seo-wordpress\/ -->\n<title>Friedlich. Sicher. Politisch stark: Rave The Planet 2025 - Dr. Motte Official<\/title>\n<meta name=\"description\" content=\"Berlin, 14. Juli 2025 \u2013 Am 12. Juli 2025 versammelten sich trotz wechselhafter Witterung \u00fcber 200.000 Menschen auf der Demonstration \u201eRave The Planet Parade \u2013 Our Future Is Now\u201c, um in sehr schwierigen Zeiten lautstark und tanzend f\u00fcr Frieden, kulturelle Freiheit und eine positive gesellschaftliche Ver\u00e4nderung einzustehen.\" \/>\n<meta name=\"robots\" content=\"index, follow, max-snippet:-1, max-image-preview:large, max-video-preview:-1\" \/>\n<link rel=\"canonical\" href=\"https:\/\/www.drmotte.de\/techno\/friedlich-sicher-politisch-stark-rave-the-planet-2025\/\" \/>\n<meta property=\"og:locale\" content=\"en_US\" \/>\n<meta property=\"og:type\" content=\"article\" \/>\n<meta property=\"og:title\" content=\"Friedlich. Sicher. Politisch stark: Rave The Planet 2025 - Dr. Motte Official\" \/>\n<meta property=\"og:description\" content=\"Berlin, 14. Juli 2025 \u2013 Am 12. Juli 2025 versammelten sich trotz wechselhafter Witterung \u00fcber 200.000 Menschen auf der Demonstration \u201eRave The Planet Parade \u2013 Our Future Is Now\u201c, um in sehr schwierigen Zeiten lautstark und tanzend f\u00fcr Frieden, kulturelle Freiheit und eine positive gesellschaftliche Ver\u00e4nderung einzustehen.\" \/>\n<meta property=\"og:url\" content=\"https:\/\/www.drmotte.de\/techno\/friedlich-sicher-politisch-stark-rave-the-planet-2025\/\" \/>\n<meta property=\"og:site_name\" content=\"Dr. Motte Official\" \/>\n<meta property=\"article:author\" content=\"https:\/\/bsky.app\/profile\/drmotteofficial.bsky.social\" \/>\n<meta property=\"article:published_time\" content=\"2025-07-16T16:08:56+00:00\" \/>\n<meta property=\"article:modified_time\" content=\"2025-07-16T16:48:52+00:00\" \/>\n<meta property=\"og:image\" content=\"https:\/\/www.drmotte.de\/techno\/wp-content\/uploads\/2025\/07\/rave-the-planet-parade-berlin-2025.jpg\" \/>\n\t<meta property=\"og:image:width\" content=\"800\" \/>\n\t<meta property=\"og:image:height\" content=\"800\" \/>\n\t<meta property=\"og:image:type\" content=\"image\/jpeg\" \/>\n<meta name=\"author\" content=\"dr. motte team\" \/>\n<meta name=\"twitter:card\" content=\"summary_large_image\" \/>\n<meta name=\"twitter:label1\" content=\"Written by\" \/>\n\t<meta name=\"twitter:data1\" content=\"dr. motte team\" \/>\n\t<meta name=\"twitter:label2\" content=\"Est. reading time\" \/>\n\t<meta name=\"twitter:data2\" content=\"2 minutes\" \/>\n<script type=\"application\/ld+json\" class=\"yoast-schema-graph\">{\"@context\":\"https:\\\/\\\/schema.org\",\"@graph\":[{\"@type\":\"Article\",\"@id\":\"https:\\\/\\\/www.drmotte.de\\\/techno\\\/friedlich-sicher-politisch-stark-rave-the-planet-2025\\\/#article\",\"isPartOf\":{\"@id\":\"https:\\\/\\\/www.drmotte.de\\\/techno\\\/friedlich-sicher-politisch-stark-rave-the-planet-2025\\\/\"},\"author\":{\"name\":\"dr. motte team\",\"@id\":\"https:\\\/\\\/www.drmotte.de\\\/techno\\\/#\\\/schema\\\/person\\\/c6bd83a9e05aa6abdc3a0aca9651a54c\"},\"headline\":\"Friedlich. Sicher. Politisch stark: Rave The Planet 2025\",\"datePublished\":\"2025-07-16T16:08:56+00:00\",\"dateModified\":\"2025-07-16T16:48:52+00:00\",\"mainEntityOfPage\":{\"@id\":\"https:\\\/\\\/www.drmotte.de\\\/techno\\\/friedlich-sicher-politisch-stark-rave-the-planet-2025\\\/\"},\"wordCount\":418,\"publisher\":{\"@id\":\"https:\\\/\\\/www.drmotte.de\\\/techno\\\/#organization\"},\"image\":{\"@id\":\"https:\\\/\\\/www.drmotte.de\\\/techno\\\/friedlich-sicher-politisch-stark-rave-the-planet-2025\\\/#primaryimage\"},\"thumbnailUrl\":\"https:\\\/\\\/www.drmotte.de\\\/techno\\\/wp-content\\\/uploads\\\/2025\\\/07\\\/rave-the-planet-parade-berlin-2025.jpg\",\"keywords\":[\"2025\",\"berlin\",\"Club Commission Berlin\",\"clubkultur\",\"Dr. Motte\",\"Loveparade\",\"Marcel Weber\",\"rave the planet\",\"Rave The Planet Parade\"],\"articleSection\":[\"Dr. Motte\",\"Events\",\"Music\",\"news\",\"Rave The Planet\",\"Techno\"],\"inLanguage\":\"en-US\"},{\"@type\":\"WebPage\",\"@id\":\"https:\\\/\\\/www.drmotte.de\\\/techno\\\/friedlich-sicher-politisch-stark-rave-the-planet-2025\\\/\",\"url\":\"https:\\\/\\\/www.drmotte.de\\\/techno\\\/friedlich-sicher-politisch-stark-rave-the-planet-2025\\\/\",\"name\":\"Friedlich. Sicher. Politisch stark: Rave The Planet 2025 - Dr. Motte Official\",\"isPartOf\":{\"@id\":\"https:\\\/\\\/www.drmotte.de\\\/techno\\\/#website\"},\"primaryImageOfPage\":{\"@id\":\"https:\\\/\\\/www.drmotte.de\\\/techno\\\/friedlich-sicher-politisch-stark-rave-the-planet-2025\\\/#primaryimage\"},\"image\":{\"@id\":\"https:\\\/\\\/www.drmotte.de\\\/techno\\\/friedlich-sicher-politisch-stark-rave-the-planet-2025\\\/#primaryimage\"},\"thumbnailUrl\":\"https:\\\/\\\/www.drmotte.de\\\/techno\\\/wp-content\\\/uploads\\\/2025\\\/07\\\/rave-the-planet-parade-berlin-2025.jpg\",\"datePublished\":\"2025-07-16T16:08:56+00:00\",\"dateModified\":\"2025-07-16T16:48:52+00:00\",\"description\":\"Berlin, 14. Juli 2025 \u2013 Am 12. Juli 2025 versammelten sich trotz wechselhafter Witterung \u00fcber 200.000 Menschen auf der Demonstration \u201eRave The Planet Parade \u2013 Our Future Is Now\u201c, um in sehr schwierigen Zeiten lautstark und tanzend f\u00fcr Frieden, kulturelle Freiheit und eine positive gesellschaftliche Ver\u00e4nderung einzustehen.\",\"breadcrumb\":{\"@id\":\"https:\\\/\\\/www.drmotte.de\\\/techno\\\/friedlich-sicher-politisch-stark-rave-the-planet-2025\\\/#breadcrumb\"},\"inLanguage\":\"en-US\",\"potentialAction\":[{\"@type\":\"ReadAction\",\"target\":[\"https:\\\/\\\/www.drmotte.de\\\/techno\\\/friedlich-sicher-politisch-stark-rave-the-planet-2025\\\/\"]}]},{\"@type\":\"ImageObject\",\"inLanguage\":\"en-US\",\"@id\":\"https:\\\/\\\/www.drmotte.de\\\/techno\\\/friedlich-sicher-politisch-stark-rave-the-planet-2025\\\/#primaryimage\",\"url\":\"https:\\\/\\\/www.drmotte.de\\\/techno\\\/wp-content\\\/uploads\\\/2025\\\/07\\\/rave-the-planet-parade-berlin-2025.jpg\",\"contentUrl\":\"https:\\\/\\\/www.drmotte.de\\\/techno\\\/wp-content\\\/uploads\\\/2025\\\/07\\\/rave-the-planet-parade-berlin-2025.jpg\",\"width\":800,\"height\":800,\"caption\":\"Rave The Planet Parade Berlin 2025\"},{\"@type\":\"BreadcrumbList\",\"@id\":\"https:\\\/\\\/www.drmotte.de\\\/techno\\\/friedlich-sicher-politisch-stark-rave-the-planet-2025\\\/#breadcrumb\",\"itemListElement\":[{\"@type\":\"ListItem\",\"position\":1,\"name\":\"Home\",\"item\":\"https:\\\/\\\/www.drmotte.de\\\/techno\\\/\"},{\"@type\":\"ListItem\",\"position\":2,\"name\":\"Friedlich. Sicher. Politisch stark: Rave The Planet 2025\"}]},{\"@type\":\"WebSite\",\"@id\":\"https:\\\/\\\/www.drmotte.de\\\/techno\\\/#website\",\"url\":\"https:\\\/\\\/www.drmotte.de\\\/techno\\\/\",\"name\":\"Dr. Motte Official\",\"description\":\"Dr. Motte, Techno, Berlin, Rave The Planet\",\"publisher\":{\"@id\":\"https:\\\/\\\/www.drmotte.de\\\/techno\\\/#organization\"},\"potentialAction\":[{\"@type\":\"SearchAction\",\"target\":{\"@type\":\"EntryPoint\",\"urlTemplate\":\"https:\\\/\\\/www.drmotte.de\\\/techno\\\/?s={search_term_string}\"},\"query-input\":{\"@type\":\"PropertyValueSpecification\",\"valueRequired\":true,\"valueName\":\"search_term_string\"}}],\"inLanguage\":\"en-US\"},{\"@type\":\"Organization\",\"@id\":\"https:\\\/\\\/www.drmotte.de\\\/techno\\\/#organization\",\"name\":\"Dr. Motte Official\",\"url\":\"https:\\\/\\\/www.drmotte.de\\\/techno\\\/\",\"logo\":{\"@type\":\"ImageObject\",\"inLanguage\":\"en-US\",\"@id\":\"https:\\\/\\\/www.drmotte.de\\\/techno\\\/#\\\/schema\\\/logo\\\/image\\\/\",\"url\":\"https:\\\/\\\/www.drmotte.de\\\/techno\\\/wp-content\\\/uploads\\\/2020\\\/09\\\/Dr.-Motte-Logo-quer-white-600-trans.png\",\"contentUrl\":\"https:\\\/\\\/www.drmotte.de\\\/techno\\\/wp-content\\\/uploads\\\/2020\\\/09\\\/Dr.-Motte-Logo-quer-white-600-trans.png\",\"width\":600,\"height\":113,\"caption\":\"Dr. Motte Official\"},\"image\":{\"@id\":\"https:\\\/\\\/www.drmotte.de\\\/techno\\\/#\\\/schema\\\/logo\\\/image\\\/\"}},{\"@type\":\"Person\",\"@id\":\"https:\\\/\\\/www.drmotte.de\\\/techno\\\/#\\\/schema\\\/person\\\/c6bd83a9e05aa6abdc3a0aca9651a54c\",\"name\":\"dr. motte team\",\"image\":{\"@type\":\"ImageObject\",\"inLanguage\":\"en-US\",\"@id\":\"https:\\\/\\\/secure.gravatar.com\\\/avatar\\\/bbb6ce39476aa1ac521271107948927fd7114993cf576b906f113786a637f0b3?s=96&d=robohash&r=g\",\"url\":\"https:\\\/\\\/secure.gravatar.com\\\/avatar\\\/bbb6ce39476aa1ac521271107948927fd7114993cf576b906f113786a637f0b3?s=96&d=robohash&r=g\",\"contentUrl\":\"https:\\\/\\\/secure.gravatar.com\\\/avatar\\\/bbb6ce39476aa1ac521271107948927fd7114993cf576b906f113786a637f0b3?s=96&d=robohash&r=g\",\"caption\":\"dr. motte team\"},\"description\":\"contact www.drmotte.de\",\"sameAs\":[\"http:\\\/\\\/www.drmotte.de\",\"https:\\\/\\\/bsky.app\\\/profile\\\/drmotteofficial.bsky.social\",\"https:\\\/\\\/www.instagram.com\\\/dr_motte\\\/\",\"https:\\\/\\\/www.youtube.com\\\/user\\\/doctormotte\",\"https:\\\/\\\/soundcloud.com\\\/dr-motte\"],\"url\":\"https:\\\/\\\/www.drmotte.de\\\/techno\\\/author\\\/matthias_motte\\\/\"}]}<\/script>\n<!-- \/ Yoast SEO plugin. -->","yoast_head_json":{"title":"Friedlich. Sicher. Politisch stark: Rave The Planet 2025 - Dr. Motte Official","description":"Berlin, 14. Juli 2025 \u2013 Am 12. Juli 2025 versammelten sich trotz wechselhafter Witterung \u00fcber 200.000 Menschen auf der Demonstration \u201eRave The Planet Parade \u2013 Our Future Is Now\u201c, um in sehr schwierigen Zeiten lautstark und tanzend f\u00fcr Frieden, kulturelle Freiheit und eine positive gesellschaftliche Ver\u00e4nderung einzustehen.","robots":{"index":"index","follow":"follow","max-snippet":"max-snippet:-1","max-image-preview":"max-image-preview:large","max-video-preview":"max-video-preview:-1"},"canonical":"https:\/\/www.drmotte.de\/techno\/friedlich-sicher-politisch-stark-rave-the-planet-2025\/","og_locale":"en_US","og_type":"article","og_title":"Friedlich. Sicher. Politisch stark: Rave The Planet 2025 - Dr. Motte Official","og_description":"Berlin, 14. Juli 2025 \u2013 Am 12. Juli 2025 versammelten sich trotz wechselhafter Witterung \u00fcber 200.000 Menschen auf der Demonstration \u201eRave The Planet Parade \u2013 Our Future Is Now\u201c, um in sehr schwierigen Zeiten lautstark und tanzend f\u00fcr Frieden, kulturelle Freiheit und eine positive gesellschaftliche Ver\u00e4nderung einzustehen.","og_url":"https:\/\/www.drmotte.de\/techno\/friedlich-sicher-politisch-stark-rave-the-planet-2025\/","og_site_name":"Dr. Motte Official","article_author":"https:\/\/bsky.app\/profile\/drmotteofficial.bsky.social","article_published_time":"2025-07-16T16:08:56+00:00","article_modified_time":"2025-07-16T16:48:52+00:00","og_image":[{"width":800,"height":800,"url":"https:\/\/www.drmotte.de\/techno\/wp-content\/uploads\/2025\/07\/rave-the-planet-parade-berlin-2025.jpg","type":"image\/jpeg"}],"author":"dr. motte team","twitter_card":"summary_large_image","twitter_misc":{"Written by":"dr. motte team","Est. reading time":"2 minutes"},"schema":{"@context":"https:\/\/schema.org","@graph":[{"@type":"Article","@id":"https:\/\/www.drmotte.de\/techno\/friedlich-sicher-politisch-stark-rave-the-planet-2025\/#article","isPartOf":{"@id":"https:\/\/www.drmotte.de\/techno\/friedlich-sicher-politisch-stark-rave-the-planet-2025\/"},"author":{"name":"dr. motte team","@id":"https:\/\/www.drmotte.de\/techno\/#\/schema\/person\/c6bd83a9e05aa6abdc3a0aca9651a54c"},"headline":"Friedlich. Sicher. Politisch stark: Rave The Planet 2025","datePublished":"2025-07-16T16:08:56+00:00","dateModified":"2025-07-16T16:48:52+00:00","mainEntityOfPage":{"@id":"https:\/\/www.drmotte.de\/techno\/friedlich-sicher-politisch-stark-rave-the-planet-2025\/"},"wordCount":418,"publisher":{"@id":"https:\/\/www.drmotte.de\/techno\/#organization"},"image":{"@id":"https:\/\/www.drmotte.de\/techno\/friedlich-sicher-politisch-stark-rave-the-planet-2025\/#primaryimage"},"thumbnailUrl":"https:\/\/www.drmotte.de\/techno\/wp-content\/uploads\/2025\/07\/rave-the-planet-parade-berlin-2025.jpg","keywords":["2025","berlin","Club Commission Berlin","clubkultur","Dr. Motte","Loveparade","Marcel Weber","rave the planet","Rave The Planet Parade"],"articleSection":["Dr. Motte","Events","Music","news","Rave The Planet","Techno"],"inLanguage":"en-US"},{"@type":"WebPage","@id":"https:\/\/www.drmotte.de\/techno\/friedlich-sicher-politisch-stark-rave-the-planet-2025\/","url":"https:\/\/www.drmotte.de\/techno\/friedlich-sicher-politisch-stark-rave-the-planet-2025\/","name":"Friedlich. Sicher. Politisch stark: Rave The Planet 2025 - Dr. Motte Official","isPartOf":{"@id":"https:\/\/www.drmotte.de\/techno\/#website"},"primaryImageOfPage":{"@id":"https:\/\/www.drmotte.de\/techno\/friedlich-sicher-politisch-stark-rave-the-planet-2025\/#primaryimage"},"image":{"@id":"https:\/\/www.drmotte.de\/techno\/friedlich-sicher-politisch-stark-rave-the-planet-2025\/#primaryimage"},"thumbnailUrl":"https:\/\/www.drmotte.de\/techno\/wp-content\/uploads\/2025\/07\/rave-the-planet-parade-berlin-2025.jpg","datePublished":"2025-07-16T16:08:56+00:00","dateModified":"2025-07-16T16:48:52+00:00","description":"Berlin, 14. Juli 2025 \u2013 Am 12. Juli 2025 versammelten sich trotz wechselhafter Witterung \u00fcber 200.000 Menschen auf der Demonstration \u201eRave The Planet Parade \u2013 Our Future Is Now\u201c, um in sehr schwierigen Zeiten lautstark und tanzend f\u00fcr Frieden, kulturelle Freiheit und eine positive gesellschaftliche Ver\u00e4nderung einzustehen.","breadcrumb":{"@id":"https:\/\/www.drmotte.de\/techno\/friedlich-sicher-politisch-stark-rave-the-planet-2025\/#breadcrumb"},"inLanguage":"en-US","potentialAction":[{"@type":"ReadAction","target":["https:\/\/www.drmotte.de\/techno\/friedlich-sicher-politisch-stark-rave-the-planet-2025\/"]}]},{"@type":"ImageObject","inLanguage":"en-US","@id":"https:\/\/www.drmotte.de\/techno\/friedlich-sicher-politisch-stark-rave-the-planet-2025\/#primaryimage","url":"https:\/\/www.drmotte.de\/techno\/wp-content\/uploads\/2025\/07\/rave-the-planet-parade-berlin-2025.jpg","contentUrl":"https:\/\/www.drmotte.de\/techno\/wp-content\/uploads\/2025\/07\/rave-the-planet-parade-berlin-2025.jpg","width":800,"height":800,"caption":"Rave The Planet Parade Berlin 2025"},{"@type":"BreadcrumbList","@id":"https:\/\/www.drmotte.de\/techno\/friedlich-sicher-politisch-stark-rave-the-planet-2025\/#breadcrumb","itemListElement":[{"@type":"ListItem","position":1,"name":"Home","item":"https:\/\/www.drmotte.de\/techno\/"},{"@type":"ListItem","position":2,"name":"Friedlich. Sicher. Politisch stark: Rave The Planet 2025"}]},{"@type":"WebSite","@id":"https:\/\/www.drmotte.de\/techno\/#website","url":"https:\/\/www.drmotte.de\/techno\/","name":"Dr. Motte Official","description":"Dr. Motte, Techno, Berlin, Rave The Planet","publisher":{"@id":"https:\/\/www.drmotte.de\/techno\/#organization"},"potentialAction":[{"@type":"SearchAction","target":{"@type":"EntryPoint","urlTemplate":"https:\/\/www.drmotte.de\/techno\/?s={search_term_string}"},"query-input":{"@type":"PropertyValueSpecification","valueRequired":true,"valueName":"search_term_string"}}],"inLanguage":"en-US"},{"@type":"Organization","@id":"https:\/\/www.drmotte.de\/techno\/#organization","name":"Dr. Motte Official","url":"https:\/\/www.drmotte.de\/techno\/","logo":{"@type":"ImageObject","inLanguage":"en-US","@id":"https:\/\/www.drmotte.de\/techno\/#\/schema\/logo\/image\/","url":"https:\/\/www.drmotte.de\/techno\/wp-content\/uploads\/2020\/09\/Dr.-Motte-Logo-quer-white-600-trans.png","contentUrl":"https:\/\/www.drmotte.de\/techno\/wp-content\/uploads\/2020\/09\/Dr.-Motte-Logo-quer-white-600-trans.png","width":600,"height":113,"caption":"Dr. Motte Official"},"image":{"@id":"https:\/\/www.drmotte.de\/techno\/#\/schema\/logo\/image\/"}},{"@type":"Person","@id":"https:\/\/www.drmotte.de\/techno\/#\/schema\/person\/c6bd83a9e05aa6abdc3a0aca9651a54c","name":"dr. motte team","image":{"@type":"ImageObject","inLanguage":"en-US","@id":"https:\/\/secure.gravatar.com\/avatar\/bbb6ce39476aa1ac521271107948927fd7114993cf576b906f113786a637f0b3?s=96&d=robohash&r=g","url":"https:\/\/secure.gravatar.com\/avatar\/bbb6ce39476aa1ac521271107948927fd7114993cf576b906f113786a637f0b3?s=96&d=robohash&r=g","contentUrl":"https:\/\/secure.gravatar.com\/avatar\/bbb6ce39476aa1ac521271107948927fd7114993cf576b906f113786a637f0b3?s=96&d=robohash&r=g","caption":"dr. motte team"},"description":"contact www.drmotte.de","sameAs":["http:\/\/www.drmotte.de","https:\/\/bsky.app\/profile\/drmotteofficial.bsky.social","https:\/\/www.instagram.com\/dr_motte\/","https:\/\/www.youtube.com\/user\/doctormotte","https:\/\/soundcloud.com\/dr-motte"],"url":"https:\/\/www.drmotte.de\/techno\/author\/matthias_motte\/"}]}},"_links":{"self":[{"href":"https:\/\/www.drmotte.de\/techno\/wp-json\/wp\/v2\/posts\/8504","targetHints":{"allow":["GET"]}}],"collection":[{"href":"https:\/\/www.drmotte.de\/techno\/wp-json\/wp\/v2\/posts"}],"about":[{"href":"https:\/\/www.drmotte.de\/techno\/wp-json\/wp\/v2\/types\/post"}],"author":[{"embeddable":true,"href":"https:\/\/www.drmotte.de\/techno\/wp-json\/wp\/v2\/users\/1"}],"replies":[{"embeddable":true,"href":"https:\/\/www.drmotte.de\/techno\/wp-json\/wp\/v2\/comments?post=8504"}],"version-history":[{"count":20,"href":"https:\/\/www.drmotte.de\/techno\/wp-json\/wp\/v2\/posts\/8504\/revisions"}],"predecessor-version":[{"id":8533,"href":"https:\/\/www.drmotte.de\/techno\/wp-json\/wp\/v2\/posts\/8504\/revisions\/8533"}],"wp:featuredmedia":[{"embeddable":true,"href":"https:\/\/www.drmotte.de\/techno\/wp-json\/wp\/v2\/media\/8532"}],"wp:attachment":[{"href":"https:\/\/www.drmotte.de\/techno\/wp-json\/wp\/v2\/media?parent=8504"}],"wp:term":[{"taxonomy":"category","embeddable":true,"href":"https:\/\/www.drmotte.de\/techno\/wp-json\/wp\/v2\/categories?post=8504"},{"taxonomy":"post_tag","embeddable":true,"href":"https:\/\/www.drmotte.de\/techno\/wp-json\/wp\/v2\/tags?post=8504"}],"curies":[{"name":"wp","href":"https:\/\/api.w.org\/{rel}","templated":true}]}}